[{"@context":"https:\/\/schema.org\/","@type":"Article","@id":"https:\/\/www.terop.cz\/antidekubitni-sedak-nejen-pro-vozickare\/#Article","mainEntityOfPage":"https:\/\/www.terop.cz\/antidekubitni-sedak-nejen-pro-vozickare\/","headline":"Antidekubitn\u00ed sed\u00e1k nejen pro voz\u00ed\u010dk\u00e1\u0159e","name":"Antidekubitn\u00ed sed\u00e1k nejen pro voz\u00ed\u010dk\u00e1\u0159e","description":"Voz\u00ed\u010dk\u00e1\u0159i jsou lid\u00e9, jako vy, jsou sou\u010d\u00e1st\u00ed spole\u010dnosti a nem\u011bli bychom na n\u011b pohl\u00ed\u017eet jako na vyvrhele. Jist\u011b, \u017ee ka\u017ed\u00fd se p\u0159i pohledu na osobu na voz\u00edku zamysl\u00ed nad t\u00edm, co se j\u00ed asi p\u0159ihodilo, a pro\u010d, jak se to stalo, a tak vn\u00edm\u00e1me t\u011blesn\u00e1 posti\u017een\u00ed v\u017edy jako handicap, ale z\u00e1rove\u0148 bychom si m\u011bli p\u0159ipomenout,...<p class=\"more-link-wrap\"><a href=\"https:\/\/www.terop.cz\/antidekubitni-sedak-nejen-pro-vozickare\/\" class=\"more-link\">P\u0159e\u010d\u00edst<span class=\"screen-reader-text\"> &ldquo;Antidekubitn\u00ed sed\u00e1k nejen pro voz\u00ed\u010dk\u00e1\u0159e&rdquo;<\/span> &raquo;<\/a><\/p>","datePublished":"2024-02-19","dateModified":"2024-03-20","author":{"@type":"Person","@id":"https:\/\/www.terop.cz\/author\/devene\/#Person","name":"devene","url":"https:\/\/www.terop.cz\/author\/devene\/","identifier":1,"image":{"@type":"ImageObject","@id":"https:\/\/secure.gravatar.com\/avatar\/f14f9548cfce1bfc4b3267434069a757db9568e455121a8852ede019c83b3b5e?s=96&d=mm&r=g","url":"https:\/\/secure.gravatar.com\/avatar\/f14f9548cfce1bfc4b3267434069a757db9568e455121a8852ede019c83b3b5e?s=96&d=mm&r=g","height":96,"width":96}},"publisher":{"@type":"Organization","name":"terop.cz","logo":{"@type":"ImageObject","@id":"\/logo.png","url":"\/logo.png","width":600,"height":60}},"image":{"@type":"ImageObject","@id":"https:\/\/www.terop.cz\/wp-content\/uploads\/wheelchair-3605068_640_1.jpg","url":"https:\/\/www.terop.cz\/wp-content\/uploads\/wheelchair-3605068_640_1.jpg","height":0,"width":0},"url":"https:\/\/www.terop.cz\/antidekubitni-sedak-nejen-pro-vozickare\/","about":["Nakupov\u00e1n\u00ed"],"wordCount":409,"articleBody":"        Voz\u00ed\u010dk\u00e1\u0159i jsou lid\u00e9, jako vy, jsou sou\u010d\u00e1st\u00ed spole\u010dnosti a nem\u011bli bychom na n\u011b pohl\u00ed\u017eet jako na vyvrhele. Jist\u011b, \u017ee ka\u017ed\u00fd se p\u0159i pohledu na osobu na voz\u00edku zamysl\u00ed nad t\u00edm, co se j\u00ed asi p\u0159ihodilo, a pro\u010d, jak se to stalo, a tak vn\u00edm\u00e1me t\u011blesn\u00e1 posti\u017een\u00ed v\u017edy jako handicap, ale z\u00e1rove\u0148 bychom si m\u011bli p\u0159ipomenout, \u017ee n\u011bkdy sta\u010d\u00ed opravdu m\u00e1lo, u\u010din\u00edme n\u011bkde fat\u00e1ln\u00ed chybn\u00e9 rozhodnut\u00ed, a jsme na voz\u00edku rovn\u011b\u017e. Vzpome\u0148me kup\u0159\u00edkladu herce Honzu Potm\u011b\u0161ila, v roce 1987 nato\u010dil \u00fasp\u011b\u0161nou filmovou poh\u00e1dku na hrad\u011b Bouzov \u201eO princezn\u011b Jasn\u011bnce a l\u00e9taj\u00edc\u00edm \u0161evci\u201c, kde exceloval jako urostl\u00fd mlad\u00edk s atletickou postavou, a o dva roky pozd\u011bji m\u00e1lem podlehl tragick\u00e9 autonehod\u011b a je od t\u00e9 doby upout\u00e1n na invalidn\u00ed voz\u00edk.Lid\u00e9 na voz\u00edku to nemaj\u00ed snadn\u00e9, a pokud se domn\u00edv\u00e1te, \u017ee ano, pak si to n\u011bkdy vyzkou\u0161ejte, alespo\u0148 na t\u00fdden, pokud m\u00e1te mo\u017enost n\u011bkde si voz\u00edk vyp\u016fj\u010dit. Jednou z v\u011bc\u00ed, kter\u00e9 tak\u00e9 mus\u00edte \u0159e\u0161it, je antidekubitn\u00ed sed\u00e1k do voz\u00edku. Dekubity neboli prole\u017eeniny, v tomto p\u0159\u00edpad\u011b \u201eprosezeniny\u201c mohou potr\u00e1pit ka\u017ed\u00e9ho, kdo del\u0161\u00ed dobu tr\u00e1v\u00ed na voz\u00edku v dom\u00e1cnosti i na cest\u00e1ch. Dekubity se vytvo\u0159\u00ed d\u00edky zemsk\u00e9 gravitaci a \u0161patn\u00e9mu prokrven\u00ed tk\u00e1n\u00ed, zat\u00ed\u017een\u00fdch vahou t\u011bla, a co byste m\u011bli v\u011bd\u011bt, je fakt, \u017ee jde i o pom\u011brn\u011b nebezpe\u010dn\u00e9 zdravotn\u00ed probl\u00e9my. Mohou se tu vytvo\u0159it odum\u0159el\u00e9 \u010d\u00e1sti tk\u00e1n\u011b a ty pak zas\u00e1hnou toxick\u00fdmi rozkladn\u00fdmi l\u00e1tkami krevn\u00ed ob\u011bh, co\u017e v\u00e1s nakonec ohroz\u00ed na \u017eivot\u011b.Dekubity se zkr\u00e1tka mus\u00ed neodkladn\u011b \u0159e\u0161it a antidekubitn\u00ed sed\u00e1k je vhodnou prevenc\u00ed, jak dekubit\u016fm zabr\u00e1nit p\u0159\u00edmo v jejich vzniku.\u0160ikovn\u00e9 sed\u00e1ky lze vyu\u017e\u00edt i mimo invalidn\u00ed voz\u00edk, hod\u00ed se i zcela zdrav\u00fdm lidem nap\u0159\u00edklad do auta, na pracovn\u00ed \u017eidli do kancel\u00e1\u0159e a na dal\u0161\u00ed m\u00edsta v interi\u00e9ru i exteri\u00e9ru, kter\u00e1 jsou zat\u011b\u017eov\u00e1na dlouhodob\u00fdm sezen\u00edm. Sed\u00e1k je dob\u0159e omyvateln\u00fd a jeho \u00fadr\u017eba nevy\u017eaduje \u017e\u00e1dn\u00e9 zvl\u00e1\u0161tn\u00ed mechanick\u00e9 \u010di chemick\u00e9 postupy \u010di\u0161t\u011bn\u00ed.                                                                                                                                                                                                                                                                                                                                                                                                  "},{"@context":"https:\/\/schema.org\/","@type":"BreadcrumbList","itemListElement":[{"@type":"ListItem","position":1,"name":"Antidekubitn\u00ed sed\u00e1k nejen pro voz\u00ed\u010dk\u00e1\u0159e","item":"https:\/\/www.terop.cz\/antidekubitni-sedak-nejen-pro-vozickare\/#breadcrumbitem"}]}]